{"id":3556,"date":"2026-09-02T08:36:35","date_gmt":"2026-09-02T08:36:35","guid":{"rendered":"https:\/\/joseselles.com\/vermoegensteuer-balearen\/"},"modified":"2026-09-02T08:59:19","modified_gmt":"2026-09-02T08:59:19","slug":"vermoegensteuer-balearen","status":"publish","type":"post","link":"https:\/\/joseselles.com\/de\/vermoegensteuer-balearen\/","title":{"rendered":"Verm\u00f6gensteuer auf den Balearen: Wer zahlt und wie viel"},"content":{"rendered":"\t\t<div data-elementor-type=\"wp-post\" data-elementor-id=\"3556\" class=\"elementor elementor-3556 elementor-3550\" data-elementor-post-type=\"post\">\n\t\t\t\t<div class=\"elementor-element elementor-element-7844a985 e-flex e-con-boxed e-con e-parent\" data-id=\"7844a985\" data-element_type=\"container\" data-e-type=\"container\">\n\t\t\t\t\t<div class=\"e-con-inner\">\n\t\t\t\t<div class=\"elementor-element elementor-element-1e141962 elementor-widget elementor-widget-text-editor\" data-id=\"1e141962\" data-element_type=\"widget\" data-e-type=\"widget\" data-widget_type=\"text-editor.default\">\n\t\t\t\t<div class=\"elementor-widget-container\">\n\t\t\t\t\t\t\t\t\t<p><\/p>\t\t\t\t\t\t\t\t<\/div>\n\t\t\t\t<\/div>\n\t\t\t\t\t<\/div>\n\t\t\t\t<\/div>\n\t\t<div class=\"elementor-element elementor-element-44ba05dc e-con-full e-flex e-con e-parent\" data-id=\"44ba05dc\" data-element_type=\"container\" data-e-type=\"container\">\n\t\t\t\t<div class=\"elementor-element elementor-element-7dbbc8f0 elementor-widget elementor-widget-heading\" data-id=\"7dbbc8f0\" data-element_type=\"widget\" data-e-type=\"widget\" data-widget_type=\"heading.default\">\n\t\t\t\t<div class=\"elementor-widget-container\">\n\t\t\t\t\t<h1 class=\"elementor-heading-title elementor-size-default\"><span style=\"color:#000000\">Verm\u00f6gensteuer auf den Balearen: Wer zahlt und wie viel<\/span><\/h1>\t\t\t\t<\/div>\n\t\t\t\t<\/div>\n\t\t\t\t<div class=\"elementor-element elementor-element-253c7dba elementor-widget elementor-widget-image\" data-id=\"253c7dba\" data-element_type=\"widget\" data-e-type=\"widget\" data-widget_type=\"image.default\">\n\t\t\t\t<div class=\"elementor-widget-container\">\n\t\t\t\t\t\t\t\t\t\t\t\t\t\t\t<img fetchpriority=\"high\" decoding=\"async\" width=\"800\" height=\"600\" src=\"https:\/\/joseselles.com\/wp-content\/uploads\/2026\/09\/impuesto-patrimonio-baleares-raw-1024x768.webp\" class=\"attachment-large size-large wp-image-3549\" alt=\"\" srcset=\"https:\/\/joseselles.com\/wp-content\/uploads\/2026\/09\/impuesto-patrimonio-baleares-raw-1024x768.webp 1024w, https:\/\/joseselles.com\/wp-content\/uploads\/2026\/09\/impuesto-patrimonio-baleares-raw-300x225.webp 300w, https:\/\/joseselles.com\/wp-content\/uploads\/2026\/09\/impuesto-patrimonio-baleares-raw-768x576.webp 768w, https:\/\/joseselles.com\/wp-content\/uploads\/2026\/09\/impuesto-patrimonio-baleares-raw.webp 1200w\" sizes=\"(max-width: 800px) 100vw, 800px\" \/>\t\t\t\t\t\t\t\t\t\t\t\t\t\t\t<\/div>\n\t\t\t\t<\/div>\n\t\t\t\t<div class=\"elementor-element elementor-element-34be5f5 elementor-widget elementor-widget-text-editor\" data-id=\"34be5f5\" data-element_type=\"widget\" data-e-type=\"widget\" data-widget_type=\"text-editor.default\">\n\t\t\t\t<div class=\"elementor-widget-container\">\n\t\t\t\t\t\t\t\t\t<div class=\"seo-tldr\">\n\n<p>Auf den Balearen zahlt die Verm\u00f6gensteuer nur, wer ein Nettoverm\u00f6gen von \u00fcber 3.000.000 \u20ac besitzt \u2014 ein Freibetrag, der weit \u00fcber den 700.000 \u20ac der staatlichen Regelung liegt und seit dem 1. Januar 2024 gilt. Oberhalb dieser Grenze reicht der balearische Steuersatz von 0,28 % bis 3,45 %. Auch Nichtans\u00e4ssige mit einer Immobilie auf Mallorca k\u00f6nnen diesen Freibetrag in Anspruch nehmen, was ihnen fast niemand erkl\u00e4rt.<\/p>\n\n\n<p>Es gibt ein Missverst\u00e4ndnis, das jedes Fr\u00fchjahr auftaucht. Jemand kommt in der festen \u00dcberzeugung, die Balearen h\u00e4tten die Verm\u00f6gensteuer \u201eabgeschafft&#8220;. Das stimmt nicht: Die Steuer existiert weiterhin, ge\u00e4ndert hat sich nur, ab welchem Betrag sie anf\u00e4llt. Der Unterschied zwischen beidem kann mehrere Tausend Euro im Jahr betragen.<\/p>\n\n\n<p>Und es gibt ein zweites, noch teureres Missverst\u00e4ndnis: Viele Menschen mit Wohnsitz au\u00dferhalb Spaniens und einem Haus auf Mallorca gehen davon aus, dass f\u00fcr sie der staatliche Freibetrag von 700.000 \u20ac gilt. In vielen F\u00e4llen trifft das nicht zu. Gehen wir es der Reihe nach durch.<\/p>\n\n<\/div>\n\n<h2 style=\"color:#000000;\">Wer zahlt auf den Balearen Verm\u00f6gensteuer?<\/h2>\n\n\n<p>Sie zahlt, wer zum 31. Dezember ein Nettoverm\u00f6gen von mehr als 3.000.000 \u20ac besitzt, nach Abzug der Schulden und Anwendung der Befreiungen. Unterhalb dieser Grenze zahlt ein balearischer Steuerpflichtiger nichts. Ein Detail ist wichtig: nicht zahlen bedeutet nicht immer auch nicht erkl\u00e4ren.<\/p>\n\n\n<p>Besteuert wird das zum Jahresende angesammelte Verm\u00f6gen, nicht das Einkommen. Konten, Fonds, Aktien, Pensionspl\u00e4ne, Immobilien, Fahrzeuge, Schmuck, Kunstwerke. Alles wird mit dem Wert zum 31. Dezember addiert, die zugeh\u00f6rigen Schulden werden abgezogen, und auf diesen Nettobetrag wird der Freibetrag angewendet.<\/p>\n\n\n<p>Dieser Stichtag ist wichtiger, als es scheint. Was Sie im Oktober oder November tun, z\u00e4hlt; was Sie am 2. Januar tun, geh\u00f6rt bereits zum folgenden Steuerjahr.<\/p>\n\n\n<h2 style=\"color:#000000;\">Wie hoch ist der Freibetrag der Verm\u00f6gensteuer auf den Balearen?<\/h2>\n\n\n<p>Er betr\u00e4gt seit dem 1. Januar 2024 3.000.000 \u20ac, gegen\u00fcber den 700.000 \u20ac der staatlichen Regelung. Festgelegt wurde er durch das <a href=\"https:\/\/www.boe.es\/buscar\/act.php?id=BOE-A-2024-1569\" target=\"_blank\" rel=\"noopener\">Gesetz 12\/2023 vom 29. Dezember \u00fcber den Haushalt der Balearen<\/a>, das die Gesetzesverordnung 1\/2014 ge\u00e4ndert hat. Hinzu kommt die Befreiung f\u00fcr die Hauptwohnung von bis zu 300.000 \u20ac je Eigent\u00fcmer.<\/p>\n\n\n<p>Ein Ehepaar mit getrennter Veranlagung verf\u00fcgt \u00fcber zwei Freibetr\u00e4ge. Ein Familienverm\u00f6gen von bis zu 6.000.000 \u20ac, sinnvoll auf beide Ehegatten verteilt, kann also vollst\u00e4ndig au\u00dferhalb der Steuer bleiben, zuz\u00fcglich des jeweiligen Anteils an der Hauptwohnungsbefreiung.<\/p>\n\n\n<p>Entscheidend ist das Wort \u201everteilt&#8220;. Steht das gesamte Verm\u00f6gen auf einem Namen, bleibt die H\u00e4lfte des verf\u00fcgbaren Spielraums ungenutzt. Das sehe ich sehr h\u00e4ufig, und es l\u00e4sst sich mit gen\u00fcgend Vorlauf gut korrigieren.<\/p>\n\n\n<h2 style=\"color:#000000;\">Wie viel Verm\u00f6gensteuer zahlt man auf den Balearen?<\/h2>\n\n\n<p>Ab 3.000.000 \u20ac gilt ein eigener regionaler Tarif von 0,28 % bis 3,45 %, verteilt auf acht Stufen. Er ist stufenweise progressiv: Jeder Verm\u00f6gensteil wird mit seinem eigenen Satz besteuert, es wird kein einheitlicher Prozentsatz auf das Gesamtverm\u00f6gen angewendet.<\/p>\n\n\n<figure class=\"wp-block-table\"><table><thead><tr><th>Bemessungsgrundlage<\/th><th>Steuersatz<\/th><\/tr><\/thead><tbody><tr><td>Bis 170.472,04 \u20ac<\/td><td>0,28 %<\/td><\/tr><tr><td>170.472,04 bis 340.937,04 \u20ac<\/td><td>0,41 %<\/td><\/tr><tr><td>340.937,04 bis 681.869,75 \u20ac<\/td><td>0,69 %<\/td><\/tr><tr><td>681.869,75 bis 1.336.739,51 \u20ac<\/td><td>1,24 %<\/td><\/tr><tr><td>1.336.739,51 bis 2.727.479 \u20ac<\/td><td>1,79 %<\/td><\/tr><tr><td>2.727.479 bis 5.454.958 \u20ac<\/td><td>2,35 %<\/td><\/tr><tr><td>5.454.958 bis 10.909.915,99 \u20ac<\/td><td>2,90 %<\/td><\/tr><tr><td>\u00dcber 10.909.915,99 \u20ac<\/td><td>3,45 %<\/td><\/tr><\/tbody><\/table><\/figure>\n\n\n<p>Der Tarif gilt f\u00fcr die Bemessungsgrundlage, also f\u00fcr das, was <strong>nach<\/strong> Abzug des Freibetrags \u00fcbrig bleibt. Wer 3.200.000 \u20ac Nettoverm\u00f6gen besitzt, versteuert nicht 3,2 Millionen, sondern 200.000 \u20ac.<\/p>\n\n\n<h2 style=\"color:#000000;\">M\u00fcssen Nichtans\u00e4ssige mit einem Haus auf Mallorca Verm\u00f6gensteuer zahlen?<\/h2>\n\n\n<p>Ja, f\u00fcr ihr in Spanien belegenes Verm\u00f6gen \u2014 allerdings mit einem Vorteil, der st\u00e4ndig \u00fcbersehen wird: Sie d\u00fcrfen die Regelung derjenigen autonomen Region anwenden, in der der gr\u00f6\u00dfte Teil ihres Verm\u00f6gens liegt. Liegt dieser auf den Balearen, gilt f\u00fcr sie der Freibetrag von 3.000.000 \u20ac und nicht der staatliche von 700.000 \u20ac.<\/p>\n\n\n<p>Geregelt ist das in der vierten Zusatzbestimmung des spanischen Verm\u00f6gensteuergesetzes, und die <a href=\"https:\/\/sede.agenciatributaria.gob.es\/Sede\/ayuda\/manuales-videos-folletos\/manuales-practicos\/patrimonio-2025\/c-2-cuestiones-generales\/quienes-estan-sujetos-i-patrimonio\/sujetos-pasivos-obligacion-real.html\" target=\"_blank\" rel=\"noopener\">spanische Steuerbeh\u00f6rde best\u00e4tigt es in ihrem Handbuch zur beschr\u00e4nkten Steuerpflicht<\/a>. Seit 2021 steht diese M\u00f6glichkeit <strong>allen<\/strong> Nichtans\u00e4ssigen offen, nicht mehr nur denen aus der Europ\u00e4ischen Union oder dem Europ\u00e4ischen Wirtschaftsraum.<\/p>\n\n\n<p>Ein praktisches Detail, dessen Vergessen Geld kostet: Die Option auf die regionale Regelung wird nicht automatisch angewendet. Sie muss in der Erkl\u00e4rung angekreuzt werden. Ein deutscher oder britischer Eigent\u00fcmer mit einer Villa von 2.500.000 \u20ac auf Mallorca kann nach balearischem Recht steuerfrei bleiben \u2014 oder mehrere Tausend Euro zahlen, wenn die Erkl\u00e4rung standardm\u00e4\u00dfig mit dem staatlichen Freibetrag eingereicht wird.<\/p>\n\n\n<p>Wenn das auf Sie zutrifft, ist auch unser Leitfaden zur <a href=\"https:\/\/joseselles.com\/de\/vermoegensverwaltung-auf-mallorca-fuer-auslaender\/\" target=\"_blank\" rel=\"noopener\">Verm\u00f6gensverwaltung auf Mallorca f\u00fcr Ausl\u00e4nder<\/a> interessant.<\/p>\n\n\n<h2 style=\"color:#000000;\">Was ist die Solidarit\u00e4tssteuer auf gro\u00dfe Verm\u00f6gen und wie wirkt sie sich auf den Balearen aus?<\/h2>\n\n\n<p>Es handelt sich um eine staatliche Steuer, geschaffen durch das <a href=\"https:\/\/www.boe.es\/buscar\/act.php?id=BOE-A-2022-22684\" target=\"_blank\" rel=\"noopener\">Gesetz 38\/2022 vom 27. Dezember<\/a>, die Nettoverm\u00f6gen \u00fcber 3.000.000 \u20ac mit S\u00e4tzen von 1,7 % bis 3,5 % belastet. Von ihrer Steuerschuld wird abgezogen, was bereits an regionaler Verm\u00f6gensteuer gezahlt wurde, sodass dasselbe Verm\u00f6gen nicht doppelt besteuert wird.<\/p>\n\n\n<p>Darin liegt die Logik der balearischen Entscheidung. Der Freibetrag von 3.000.000 \u20ac entspricht exakt der Schwelle der staatlichen Steuer. H\u00e4tten die Balearen die Steuer vollst\u00e4ndig erlassen, wie andere Regionen es taten, w\u00e4re das Geld nicht beim Steuerzahler geblieben, sondern \u00fcber die Solidarit\u00e4tssteuer in der Staatskasse gelandet. Das spanische Verfassungsgericht hat diese Steuer mit Urteil 149\/2023 vom 7. November best\u00e4tigt.<\/p>\n\n\n<p>F\u00fcr Sie als Steuerpflichtigen lautet die praktische Schlussfolgerung schlicht: Unterhalb von drei Millionen zahlen Sie keine von beiden.<\/p>\n\n\n<h2 style=\"color:#000000;\">Welche Verm\u00f6genswerte sind von der Verm\u00f6gensteuer befreit?<\/h2>\n\n\n<p>Befreit sind die Hauptwohnung bis 300.000 \u20ac, die einer wirtschaftlichen T\u00e4tigkeit gewidmeten Wirtschaftsg\u00fcter, sofern diese Ihre Haupteinkunftsquelle ist, Beteiligungen an Familienunternehmen, die die gesetzlichen Voraussetzungen erf\u00fcllen, der Hausrat, unverfallbare Anspr\u00fcche aus Pensionspl\u00e4nen sowie bestimmte G\u00fcter des historischen Erbes.<\/p>\n\n\n<p>Die Befreiung f\u00fcr Familienunternehmen ist die wertvollste und diejenige, die am h\u00e4ufigsten an einer Formalie scheitert. Sie verlangt unter anderem eine Mindestbeteiligung und dass die Person Leitungsaufgaben wahrnimmt, deren Verg\u00fctung mehr als die H\u00e4lfte ihrer Eink\u00fcnfte ausmacht. Gepr\u00fcft wird zum 31. Dezember, und zu sp\u00e4t kommen l\u00e4sst sich nicht heilen.<\/p>\n\n\n<p>Die Balearen gew\u00e4hren zus\u00e4tzlich eine besondere Erm\u00e4\u00dfigung von 90 % f\u00fcr Eigent\u00fcmer von Kulturg\u00fctern, insbesondere von Originalkunstwerken.<\/p>\n\n\n<h2 style=\"color:#000000;\">Wann und wie wird die Verm\u00f6gensteuer erkl\u00e4rt?<\/h2>\n\n\n<p>Die Erkl\u00e4rung erfolgt mit dem Formular 714 bei der spanischen Steuerbeh\u00f6rde, im selben Zeitraum wie die Einkommensteuererkl\u00e4rung: von April bis Juni des Folgejahres. Das Verm\u00f6gen des Jahres 2026 wird demnach zwischen April und Juni 2027 erkl\u00e4rt.<\/p>\n\n\n<p>Und hier die eingangs erw\u00e4hnte Falle. Sie sind zur Abgabe verpflichtet, wenn Steuer zu zahlen ist <strong>oder<\/strong> wenn der Bruttowert Ihrer Verm\u00f6genswerte und Rechte 2.000.000 \u20ac \u00fcbersteigt, auch wenn Sie keinen Euro zahlen. Konkret: Wer 2.400.000 \u20ac an Verm\u00f6gen und eine Hypothek von 600.000 \u20ac hat, zahlt nichts, muss aber dennoch eine Erkl\u00e4rung abgeben.<\/p>\n\n\n<h2 style=\"color:#000000;\">Was Sie vor dem 31. Dezember pr\u00fcfen sollten<\/h2>\n\n\n<p>Da die Steuer auf der Momentaufnahme zum 31. Dezember beruht, sind die letzten Monate des Jahres das einzige Zeitfenster, in dem sich noch etwas bewegen l\u00e4sst. Diese Punkte gehe ich mit einem Mandanten durch, wenn wir nahe an der Schwelle liegen:<\/p>\n\n\n<ol>\n\n<li>Wie das Verm\u00f6gen auf die Ehegatten verteilt ist, damit kein ganzer Freibetrag verf\u00e4llt.<\/li>\n\n\n<li>Ob die Beteiligungen am Familienunternehmen die Befreiungsvoraussetzungen tats\u00e4chlich erf\u00fcllen.<\/li>\n\n\n<li>Welche Schulden abzugsf\u00e4hig und ordnungsgem\u00e4\u00df dokumentiert sind.<\/li>\n\n\n<li>Ob es f\u00fcr einen Nichtans\u00e4ssigen sinnvoll und zul\u00e4ssig ist, die balearische Regelung zu w\u00e4hlen.<\/li>\n\n\n<li>Wie sich das alles mit der Nachfolge verbindet, denn auf den Balearen sind Erbschaften und Schenkungen zwischen Eltern und Kindern seit Juli 2025 zu 100 % beg\u00fcnstigt.<\/li>\n\n<\/ol>\n\n\n<p>Der letzte Punkt \u00fcberrascht am meisten. Das balearische Steuerrecht ist derzeit au\u00dferordentlich g\u00fcnstig f\u00fcr die \u00dcbertragung von Verm\u00f6gen innerhalb der Familie, und das \u00e4ndert die Reihenfolge der Entscheidungen. Ausf\u00fchrlich behandeln wir das im Leitfaden <a href=\"https:\/\/joseselles.com\/de\/vermoegen-an-die-kinder-vererben-auf-mallorca\/\" target=\"_blank\" rel=\"noopener\">Verm\u00f6gen an die Kinder vererben auf Mallorca<\/a>.<\/p>\n\n\n<h2 style=\"color:#000000;\">Wann Sie Ihr Verm\u00f6gen NICHT allein wegen der Steuer umschichten sollten<\/h2>\n\n\n<p>In drei Situationen geht eine Umstrukturierung zur Vermeidung der Verm\u00f6gensteuer nach hinten los:<\/p>\n\n\n<ul>\n\n<li><strong>Wenn der Vorgang einen Ver\u00e4u\u00dferungsgewinn in der Einkommensteuer ausl\u00f6st, der gr\u00f6\u00dfer ist als die Ersparnis.<\/strong> Eine Immobilie zu verschenken kann bei der Schenkungsteuer beg\u00fcnstigt sein und Ihnen dennoch eine erhebliche Einkommensteuerrechnung bescheren.<\/li>\n\n\n<li><strong>Wenn die Aufteilung zwischen den Ehegatten nicht der Realit\u00e4t entspricht.<\/strong> Verm\u00f6gen auf den Namen einer Person zu \u00fcbertragen, die es nicht erworben hat, hat zivil- und erbrechtliche Folgen, die weit \u00fcber die Steuerersparnis eines Jahres hinausgehen.<\/li>\n\n\n<li><strong>Wenn Sie weit von der Schwelle entfernt sind.<\/strong> Mit 1.500.000 \u20ac auf den Balearen gibt es bei dieser Steuer nichts zu planen. Der Aufwand ist bei der Rendite Ihres Verm\u00f6gens besser investiert.<\/li>\n\n<\/ul>\n\n\n<h2 style=\"color:#000000;\">Rechnen wir Ihren Fall durch<\/h2>\n\n\n<p>Ob Sie \u00fcber 3.000.000 \u20ac liegen, ist eine Rechenaufgabe; was Sie mit dieser Antwort anfangen, nicht mehr. Als <a href=\"https:\/\/joseselles.com\/de\/\" target=\"_blank\" rel=\"noopener\">unabh\u00e4ngiger Finanzberater auf Mallorca<\/a> arbeite ich genau an dieser Grenze: Was ist befreit, was l\u00e4sst sich aufteilen, was \u00fcbertr\u00e4gt man besser jetzt und was l\u00e4sst man in Ruhe. Wenn Sie das vor dem Jahresende in Ruhe durchgehen m\u00f6chten, sehen Sie hier, wie ich die <a href=\"https:\/\/joseselles.com\/de\/erbe\/\" target=\"_blank\" rel=\"noopener\">Verm\u00f6gensberatung auf Mallorca<\/a> angehe, oder schreiben Sie mir und wir besprechen es in einem kostenlosen Erstgespr\u00e4ch.<\/p>\n\n\n<h2 style=\"color:#000000;\">H\u00e4ufige Fragen zur Verm\u00f6gensteuer auf den Balearen<\/h2>\n\n\n<h3 style=\"color:#000000;\">Ab welchem Verm\u00f6gen zahlt man auf den Balearen Verm\u00f6gensteuer?<\/h3>\n\n\n<p>Ab einem Nettoverm\u00f6gen von 3.000.000 \u20ac zum 31. Dezember. Das ist seit dem 1. Januar 2024 der balearische Freibetrag, deutlich \u00fcber den 700.000 \u20ac der staatlichen Regelung. Hinzu kommt die Befreiung der Hauptwohnung von bis zu 300.000 \u20ac je Eigent\u00fcmer, sodass die tats\u00e4chliche Grenze meist noch etwas h\u00f6her liegt.<\/p>\n\n\n<h3 style=\"color:#000000;\">Zahlt ein Nichtans\u00e4ssiger mit einem Haus auf Mallorca in Spanien Verm\u00f6gensteuer?<\/h3>\n\n\n<p>Ja, im Rahmen der beschr\u00e4nkten Steuerpflicht auf das in Spanien belegene Verm\u00f6gen. Er darf jedoch die Regelung derjenigen autonomen Region anwenden, in der der gr\u00f6\u00dfte Wert dieses Verm\u00f6gens liegt, gem\u00e4\u00df der vierten Zusatzbestimmung des spanischen Verm\u00f6gensteuergesetzes. Liegt die Immobilie auf Mallorca, gilt der balearische Freibetrag von 3.000.000 \u20ac. Diese Option muss in der Erkl\u00e4rung ausdr\u00fccklich gew\u00e4hlt werden.<\/p>\n\n\n<h3 style=\"color:#000000;\">Muss man die Verm\u00f6gensteuer auf den Balearen auch erkl\u00e4ren, wenn nichts zu zahlen ist?<\/h3>\n\n\n<p>Ja, in einem bestimmten Fall: wenn der Bruttowert Ihrer Verm\u00f6genswerte und Rechte 2.000.000 \u20ac \u00fcbersteigt, auch wenn die Steuerschuld nach Abzug von Schulden und Befreiungen null betr\u00e4gt. Das ist ein h\u00e4ufiger Irrtum, weil viele annehmen, ohne Zahlung entfalle auch die Erkl\u00e4rung. Eingereicht wird sie mit dem Formular 714 zusammen mit der Einkommensteuererkl\u00e4rung.<\/p>\n\n\n<h3 style=\"color:#000000;\">Zahlt man Verm\u00f6gensteuer und Solidarit\u00e4tssteuer auf gro\u00dfe Verm\u00f6gen gleichzeitig?<\/h3>\n\n\n<p>Dasselbe Verm\u00f6gen wird nicht doppelt besteuert. Die zeitlich befristete Solidarit\u00e4tssteuer auf gro\u00dfe Verm\u00f6gen erfasst Nettoverm\u00f6gen \u00fcber 3.000.000 \u20ac, doch von ihrer Steuerschuld wird abgezogen, was bereits an regionaler Verm\u00f6gensteuer entrichtet wurde. Auf den Balearen stimmen beide Schwellen genau deshalb \u00fcberein, damit der Steuerzahler dem Staat nicht abliefert, was die Region ihm erl\u00e4sst.<\/p>\n\n\n<h3 style=\"color:#000000;\">Zu welchem Stichtag wird das Verm\u00f6gen f\u00fcr diese Steuer bewertet?<\/h3>\n\n\n<p>Zum 31. Dezember jedes Jahres. Das ist der Entstehungszeitpunkt und funktioniert wie eine Momentaufnahme: Besteuert wird, was Sie an diesem Tag besitzen, unabh\u00e4ngig davon, was im M\u00e4rz geschah oder im folgenden Januar geschieht. Deshalb muss jede Ma\u00dfnahme mit Wirkung auf diese Steuer vor Jahresende abgeschlossen und dokumentiert sein.<\/p>\n\n\n<p>&#8212;<\/p>\n\n\n<p><em>Dieser Inhalt dient der allgemeinen Orientierung und ersetzt keine pers\u00f6nliche Steuerberatung. Die balearischen Regionalvorschriften k\u00f6nnen in den j\u00e4hrlichen Haushaltsgesetzen ge\u00e4ndert werden.<\/em><\/p>\n\t\t\t\t\t\t\t\t<\/div>\n\t\t\t\t<\/div>\n\t\t\t\t<\/div>\n\t\t<div class=\"elementor-element elementor-element-faffb89 e-con-full e-flex e-con e-parent\" data-id=\"faffb89\" data-element_type=\"container\" data-e-type=\"container\">\n\t\t\t\t<div class=\"elementor-element elementor-element-6ddb79f elementor-widget elementor-widget-html\" data-id=\"6ddb79f\" data-element_type=\"widget\" data-e-type=\"widget\" data-widget_type=\"html.default\">\n\t\t\t\t<div class=\"elementor-widget-container\">\n\t\t\t\t\t<script type=\"application\/ld+json\">{\"@context\": \"https:\/\/schema.org\", \"@type\": \"FAQPage\", \"@id\": \"https:\/\/joseselles.com\/de\/vermoegensteuer-balearen\/#faq\", \"mainEntity\": [{\"@type\": \"Question\", \"name\": \"Ab welchem Verm\u00f6gen zahlt man auf den Balearen Verm\u00f6gensteuer?\", \"acceptedAnswer\": {\"@type\": \"Answer\", \"text\": \"Ab einem Nettoverm\u00f6gen von 3.000.000 \u20ac zum 31. Dezember. Das ist seit dem 1. Januar 2024 der balearische Freibetrag, deutlich \u00fcber den 700.000 \u20ac der staatlichen Regelung. Hinzu kommt die Befreiung der Hauptwohnung von bis zu 300.000 \u20ac je Eigent\u00fcmer, sodass die tats\u00e4chliche Grenze meist noch etwas h\u00f6her liegt.\"}}, {\"@type\": \"Question\", \"name\": \"Zahlt ein Nichtans\u00e4ssiger mit einem Haus auf Mallorca in Spanien Verm\u00f6gensteuer?\", \"acceptedAnswer\": {\"@type\": \"Answer\", \"text\": \"Ja, im Rahmen der beschr\u00e4nkten Steuerpflicht auf das in Spanien belegene Verm\u00f6gen. Er darf jedoch die Regelung derjenigen autonomen Region anwenden, in der der gr\u00f6\u00dfte Wert dieses Verm\u00f6gens liegt, gem\u00e4\u00df der vierten Zusatzbestimmung des spanischen Verm\u00f6gensteuergesetzes. Liegt die Immobilie auf Mallorca, gilt der balearische Freibetrag von 3.000.000 \u20ac. Diese Option muss in der Erkl\u00e4rung ausdr\u00fccklich gew\u00e4hlt werden.\"}}, {\"@type\": \"Question\", \"name\": \"Muss man die Verm\u00f6gensteuer auf den Balearen auch erkl\u00e4ren, wenn nichts zu zahlen ist?\", \"acceptedAnswer\": {\"@type\": \"Answer\", \"text\": \"Ja, in einem bestimmten Fall: wenn der Bruttowert Ihrer Verm\u00f6genswerte und Rechte 2.000.000 \u20ac \u00fcbersteigt, auch wenn die Steuerschuld nach Abzug von Schulden und Befreiungen null betr\u00e4gt. Das ist ein h\u00e4ufiger Irrtum, weil viele annehmen, ohne Zahlung entfalle auch die Erkl\u00e4rung. Eingereicht wird sie mit dem Formular 714 zusammen mit der Einkommensteuererkl\u00e4rung.\"}}, {\"@type\": \"Question\", \"name\": \"Zahlt man Verm\u00f6gensteuer und Solidarit\u00e4tssteuer auf gro\u00dfe Verm\u00f6gen gleichzeitig?\", \"acceptedAnswer\": {\"@type\": \"Answer\", \"text\": \"Dasselbe Verm\u00f6gen wird nicht doppelt besteuert. Die zeitlich befristete Solidarit\u00e4tssteuer auf gro\u00dfe Verm\u00f6gen erfasst Nettoverm\u00f6gen \u00fcber 3.000.000 \u20ac, doch von ihrer Steuerschuld wird abgezogen, was bereits an regionaler Verm\u00f6gensteuer entrichtet wurde. Auf den Balearen stimmen beide Schwellen genau deshalb \u00fcberein, damit der Steuerzahler dem Staat nicht abliefert, was die Region ihm erl\u00e4sst.\"}}, {\"@type\": \"Question\", \"name\": \"Zu welchem Stichtag wird das Verm\u00f6gen f\u00fcr diese Steuer bewertet?\", \"acceptedAnswer\": {\"@type\": \"Answer\", \"text\": \"Zum 31. Dezember jedes Jahres. Das ist der Entstehungszeitpunkt und funktioniert wie eine Momentaufnahme: Besteuert wird, was Sie an diesem Tag besitzen, unabh\u00e4ngig davon, was im M\u00e4rz geschah oder im folgenden Januar geschieht. Deshalb muss jede Ma\u00dfnahme mit Wirkung auf diese Steuer vor Jahresende abgeschlossen und dokumentiert sein.\"}}]}<\/script>\t\t\t\t<\/div>\n\t\t\t\t<\/div>\n\t\t\t\t<\/div>\n\t\t\t\t<\/div>\n\t\t","protected":false},"excerpt":{"rendered":"<p>Auf den Balearen zahlt die Verm\u00f6gensteuer nur, wer ein Nettoverm\u00f6gen von \u00fcber 3.000.000 \u20ac besitzt \u2014 ein Freibetrag, der weit \u00fcber den 700.000 \u20ac der staatlichen Regelung liegt und seit dem 1. Januar 2024 gilt. Oberhalb dieser Grenze reicht der balearische Steuersatz von 0,28 % bis 3,45 %. Auch Nichtans\u00e4ssige mit einer Immobilie auf Mallorca [&hellip;]<\/p>\n","protected":false},"author":2,"featured_media":3547,"comment_status":"closed","ping_status":"closed","sticky":false,"template":"","format":"standard","meta":{"_joinchat":[],"footnotes":"","rank_math_title":"Verm\u00f6gensteuer auf den Balearen: Wer zahlt und wie viel","rank_math_description":"Auf den Balearen zahlt nur, wer \u00fcber 3.000.000 \u20ac Nettoverm\u00f6gen liegt. Stufen, Befreiungen, Nichtans\u00e4ssige und was Sie vor dem 31. Dezember pr\u00fcfen sollten.","rank_math_focus_keyword":"Verm\u00f6gensteuer Balearen","rank_math_canonical_url":""},"categories":[24,26],"tags":[],"class_list":["post-3556","post","type-post","status-publish","format-standard","has-post-thumbnail","hentry","category-blog"],"_links":{"self":[{"href":"https:\/\/joseselles.com\/de\/wp-json\/wp\/v2\/posts\/3556","targetHints":{"allow":["GET"]}}],"collection":[{"href":"https:\/\/joseselles.com\/de\/wp-json\/wp\/v2\/posts"}],"about":[{"href":"https:\/\/joseselles.com\/de\/wp-json\/wp\/v2\/types\/post"}],"author":[{"embeddable":true,"href":"https:\/\/joseselles.com\/de\/wp-json\/wp\/v2\/users\/2"}],"replies":[{"embeddable":true,"href":"https:\/\/joseselles.com\/de\/wp-json\/wp\/v2\/comments?post=3556"}],"version-history":[{"count":3,"href":"https:\/\/joseselles.com\/de\/wp-json\/wp\/v2\/posts\/3556\/revisions"}],"predecessor-version":[{"id":3568,"href":"https:\/\/joseselles.com\/de\/wp-json\/wp\/v2\/posts\/3556\/revisions\/3568"}],"wp:featuredmedia":[{"embeddable":true,"href":"https:\/\/joseselles.com\/de\/wp-json\/wp\/v2\/media\/3547"}],"wp:attachment":[{"href":"https:\/\/joseselles.com\/de\/wp-json\/wp\/v2\/media?parent=3556"}],"wp:term":[{"taxonomy":"category","embeddable":true,"href":"https:\/\/joseselles.com\/de\/wp-json\/wp\/v2\/categories?post=3556"},{"taxonomy":"post_tag","embeddable":true,"href":"https:\/\/joseselles.com\/de\/wp-json\/wp\/v2\/tags?post=3556"}],"curies":[{"name":"wp","href":"https:\/\/api.w.org\/{rel}","templated":true}]}}